{"id":302,"date":"2021-01-19T13:48:00","date_gmt":"2021-01-19T12:48:00","guid":{"rendered":"https:\/\/aspauvernier.ch\/?p=302"},"modified":"2024-02-08T21:44:31","modified_gmt":"2024-02-08T20:44:31","slug":"telethon-2020","status":"publish","type":"post","link":"https:\/\/aspauvernier.ch\/index.php\/2021\/01\/19\/telethon-2020\/","title":{"rendered":"T\u00e9l\u00e9thon 2020"},"content":{"rendered":"\n<p class=\"wp-block-paragraph\">Le t\u00e9l\u00e9thon 2020 a \u00e9t\u00e9 maintenu \u00e0 Auvernier malgr\u00e9 le COVID. M\u00eame si nous n&rsquo;avons pas pu faire notre traditionnelle soupe et que les scouts n&rsquo;ont pas pu passer chez les habitants, nous avons tout de m\u00eame r\u00e9colt\u00e9 des fonds, int\u00e9gralement revers\u00e9s \u00e0 l&rsquo;association t\u00e9l\u00e9thon suisse. Un grand merci \u00e0 nos fid\u00e8les donateurs et aux membres qui se sont investis malgr\u00e9 la situation particuli\u00e8re.<\/p>\n\n\n\n<figure class=\"wp-block-image size-large\"><img loading=\"lazy\" decoding=\"async\" width=\"724\" height=\"1024\" src=\"https:\/\/aspauvernier.ch\/wp-content\/uploads\/2021\/06\/Telethon-2020-site-724x1024.jpg\" alt=\"\" class=\"wp-image-303\" srcset=\"https:\/\/aspauvernier.ch\/wp-content\/uploads\/2021\/06\/Telethon-2020-site-724x1024.jpg 724w, https:\/\/aspauvernier.ch\/wp-content\/uploads\/2021\/06\/Telethon-2020-site-212x300.jpg 212w, https:\/\/aspauvernier.ch\/wp-content\/uploads\/2021\/06\/Telethon-2020-site-768x1086.jpg 768w, https:\/\/aspauvernier.ch\/wp-content\/uploads\/2021\/06\/Telethon-2020-site-1087x1536.jpg 1087w, https:\/\/aspauvernier.ch\/wp-content\/uploads\/2021\/06\/Telethon-2020-site-1449x2048.jpg 1449w, https:\/\/aspauvernier.ch\/wp-content\/uploads\/2021\/06\/Telethon-2020-site.jpg 1756w\" sizes=\"auto, (max-width: 724px) 100vw, 724px\" \/><\/figure>\n","protected":false},"excerpt":{"rendered":"<p>Le t\u00e9l\u00e9thon 2020 a \u00e9t\u00e9 maintenu \u00e0 Auvernier malgr\u00e9 le COVID. M\u00eame si nous n&rsquo;avons pas pu faire notre traditionnelle soupe et que les scouts n&rsquo;ont pas pu passer chez les habitants, nous avons tout de m\u00eame r\u00e9colt\u00e9 des fonds, int\u00e9gralement revers\u00e9s \u00e0 l&rsquo;association t\u00e9l\u00e9thon suisse. Un grand merci \u00e0 nos fid\u00e8les donateurs et aux &hellip; <a href=\"https:\/\/aspauvernier.ch\/index.php\/2021\/01\/19\/telethon-2020\/\" class=\"more-link\">Continuer la lecture de <span class=\"screen-reader-text\">T\u00e9l\u00e9thon 2020<\/span><\/a><\/p>\n","protected":false},"author":3,"featured_media":0,"comment_status":"closed","ping_status":"closed","sticky":false,"template":"","format":"standard","meta":{"_crdt_document":"","footnotes":""},"categories":[2],"tags":[],"class_list":["post-302","post","type-post","status-publish","format-standard","hentry","category-activites"],"_links":{"self":[{"href":"https:\/\/aspauvernier.ch\/index.php\/wp-json\/wp\/v2\/posts\/302","targetHints":{"allow":["GET"]}}],"collection":[{"href":"https:\/\/aspauvernier.ch\/index.php\/wp-json\/wp\/v2\/posts"}],"about":[{"href":"https:\/\/aspauvernier.ch\/index.php\/wp-json\/wp\/v2\/types\/post"}],"author":[{"embeddable":true,"href":"https:\/\/aspauvernier.ch\/index.php\/wp-json\/wp\/v2\/users\/3"}],"replies":[{"embeddable":true,"href":"https:\/\/aspauvernier.ch\/index.php\/wp-json\/wp\/v2\/comments?post=302"}],"version-history":[{"count":1,"href":"https:\/\/aspauvernier.ch\/index.php\/wp-json\/wp\/v2\/posts\/302\/revisions"}],"predecessor-version":[{"id":304,"href":"https:\/\/aspauvernier.ch\/index.php\/wp-json\/wp\/v2\/posts\/302\/revisions\/304"}],"wp:attachment":[{"href":"https:\/\/aspauvernier.ch\/index.php\/wp-json\/wp\/v2\/media?parent=302"}],"wp:term":[{"taxonomy":"category","embeddable":true,"href":"https:\/\/aspauvernier.ch\/index.php\/wp-json\/wp\/v2\/categories?post=302"},{"taxonomy":"post_tag","embeddable":true,"href":"https:\/\/aspauvernier.ch\/index.php\/wp-json\/wp\/v2\/tags?post=302"}],"curies":[{"name":"wp","href":"https:\/\/api.w.org\/{rel}","templated":true}]}}