{"id":307,"date":"2019-06-08T14:11:00","date_gmt":"2019-06-08T13:11:00","guid":{"rendered":"https:\/\/aspauvernier.ch\/?p=307"},"modified":"2024-02-08T21:58:54","modified_gmt":"2024-02-08T20:58:54","slug":"telethon-2019","status":"publish","type":"post","link":"https:\/\/aspauvernier.ch\/index.php\/2019\/06\/08\/telethon-2019\/","title":{"rendered":"T\u00e9l\u00e9thon 2019"},"content":{"rendered":"\n<p class=\"wp-block-paragraph\">Le t\u00e9l\u00e9thon 2019 a eu lieu le 7 d\u00e9cembre. Merci aux scouts pour leur aide pr\u00e9cieuse. Pour la premi\u00e8re fois, des jeunes sapeurs-pompiers participaient \u00e0 la manifestation.<\/p>\n\n\n\n<p class=\"wp-block-paragraph\">Merci \u00e0 tous nos donateurs et b\u00e9n\u00e9voles !<\/p>\n\n\n\n<figure class=\"wp-block-image size-large\"><img loading=\"lazy\" decoding=\"async\" width=\"724\" height=\"1024\" src=\"https:\/\/aspauvernier.ch\/wp-content\/uploads\/2021\/06\/Telethon-19-724x1024.jpg\" alt=\"\" class=\"wp-image-308\" srcset=\"https:\/\/aspauvernier.ch\/wp-content\/uploads\/2021\/06\/Telethon-19-724x1024.jpg 724w, https:\/\/aspauvernier.ch\/wp-content\/uploads\/2021\/06\/Telethon-19-212x300.jpg 212w, https:\/\/aspauvernier.ch\/wp-content\/uploads\/2021\/06\/Telethon-19-768x1086.jpg 768w, https:\/\/aspauvernier.ch\/wp-content\/uploads\/2021\/06\/Telethon-19-1087x1536.jpg 1087w, https:\/\/aspauvernier.ch\/wp-content\/uploads\/2021\/06\/Telethon-19-1449x2048.jpg 1449w, https:\/\/aspauvernier.ch\/wp-content\/uploads\/2021\/06\/Telethon-19.jpg 1756w\" sizes=\"auto, (max-width: 724px) 100vw, 724px\" \/><\/figure>\n","protected":false},"excerpt":{"rendered":"<p>Le t\u00e9l\u00e9thon 2019 a eu lieu le 7 d\u00e9cembre. Merci aux scouts pour leur aide pr\u00e9cieuse. Pour la premi\u00e8re fois, des jeunes sapeurs-pompiers participaient \u00e0 la manifestation. Merci \u00e0 tous nos donateurs et b\u00e9n\u00e9voles !<\/p>\n","protected":false},"author":3,"featured_media":0,"comment_status":"closed","ping_status":"closed","sticky":false,"template":"","format":"standard","meta":{"_crdt_document":"","footnotes":""},"categories":[2],"tags":[],"class_list":["post-307","post","type-post","status-publish","format-standard","hentry","category-activites"],"_links":{"self":[{"href":"https:\/\/aspauvernier.ch\/index.php\/wp-json\/wp\/v2\/posts\/307","targetHints":{"allow":["GET"]}}],"collection":[{"href":"https:\/\/aspauvernier.ch\/index.php\/wp-json\/wp\/v2\/posts"}],"about":[{"href":"https:\/\/aspauvernier.ch\/index.php\/wp-json\/wp\/v2\/types\/post"}],"author":[{"embeddable":true,"href":"https:\/\/aspauvernier.ch\/index.php\/wp-json\/wp\/v2\/users\/3"}],"replies":[{"embeddable":true,"href":"https:\/\/aspauvernier.ch\/index.php\/wp-json\/wp\/v2\/comments?post=307"}],"version-history":[{"count":2,"href":"https:\/\/aspauvernier.ch\/index.php\/wp-json\/wp\/v2\/posts\/307\/revisions"}],"predecessor-version":[{"id":310,"href":"https:\/\/aspauvernier.ch\/index.php\/wp-json\/wp\/v2\/posts\/307\/revisions\/310"}],"wp:attachment":[{"href":"https:\/\/aspauvernier.ch\/index.php\/wp-json\/wp\/v2\/media?parent=307"}],"wp:term":[{"taxonomy":"category","embeddable":true,"href":"https:\/\/aspauvernier.ch\/index.php\/wp-json\/wp\/v2\/categories?post=307"},{"taxonomy":"post_tag","embeddable":true,"href":"https:\/\/aspauvernier.ch\/index.php\/wp-json\/wp\/v2\/tags?post=307"}],"curies":[{"name":"wp","href":"https:\/\/api.w.org\/{rel}","templated":true}]}}