{"id":372,"date":"2023-02-12T22:02:00","date_gmt":"2023-02-12T21:02:00","guid":{"rendered":"https:\/\/aspauvernier.ch\/?p=372"},"modified":"2024-02-08T22:19:08","modified_gmt":"2024-02-08T21:19:08","slug":"assemblee-2023-10-fevrier","status":"publish","type":"post","link":"https:\/\/aspauvernier.ch\/index.php\/2023\/02\/12\/assemblee-2023-10-fevrier\/","title":{"rendered":"AG 2023"},"content":{"rendered":"\n<p class=\"wp-block-paragraph\">Elle a eu lieu le 10 f\u00e9vrier chez Daniel (merci \u00e0 lui) et a \u00e9t\u00e9 l&rsquo;occasion d&rsquo;admettre deux nouvelles membres. Bienvenue \u00e0 Sandrine et Julie! En outre, Patrick Auderset est notre nouveau vice-pr\u00e9sident.<\/p>\n","protected":false},"excerpt":{"rendered":"<p>Elle a eu lieu le 10 f\u00e9vrier chez Daniel (merci \u00e0 lui) et a \u00e9t\u00e9 l&rsquo;occasion d&rsquo;admettre deux nouvelles membres. Bienvenue \u00e0 Sandrine et Julie! En outre, Patrick Auderset est notre nouveau vice-pr\u00e9sident.<\/p>\n","protected":false},"author":3,"featured_media":0,"comment_status":"closed","ping_status":"closed","sticky":false,"template":"","format":"standard","meta":{"_crdt_document":"","footnotes":""},"categories":[2],"tags":[],"class_list":["post-372","post","type-post","status-publish","format-standard","hentry","category-activites"],"_links":{"self":[{"href":"https:\/\/aspauvernier.ch\/index.php\/wp-json\/wp\/v2\/posts\/372","targetHints":{"allow":["GET"]}}],"collection":[{"href":"https:\/\/aspauvernier.ch\/index.php\/wp-json\/wp\/v2\/posts"}],"about":[{"href":"https:\/\/aspauvernier.ch\/index.php\/wp-json\/wp\/v2\/types\/post"}],"author":[{"embeddable":true,"href":"https:\/\/aspauvernier.ch\/index.php\/wp-json\/wp\/v2\/users\/3"}],"replies":[{"embeddable":true,"href":"https:\/\/aspauvernier.ch\/index.php\/wp-json\/wp\/v2\/comments?post=372"}],"version-history":[{"count":4,"href":"https:\/\/aspauvernier.ch\/index.php\/wp-json\/wp\/v2\/posts\/372\/revisions"}],"predecessor-version":[{"id":376,"href":"https:\/\/aspauvernier.ch\/index.php\/wp-json\/wp\/v2\/posts\/372\/revisions\/376"}],"wp:attachment":[{"href":"https:\/\/aspauvernier.ch\/index.php\/wp-json\/wp\/v2\/media?parent=372"}],"wp:term":[{"taxonomy":"category","embeddable":true,"href":"https:\/\/aspauvernier.ch\/index.php\/wp-json\/wp\/v2\/categories?post=372"},{"taxonomy":"post_tag","embeddable":true,"href":"https:\/\/aspauvernier.ch\/index.php\/wp-json\/wp\/v2\/tags?post=372"}],"curies":[{"name":"wp","href":"https:\/\/api.w.org\/{rel}","templated":true}]}}